{"id":266,"date":"2017-07-06T12:47:45","date_gmt":"2017-07-06T10:47:45","guid":{"rendered":"http:\/\/www.marjanviljelijat.fi\/?p=266"},"modified":"2017-07-06T12:47:45","modified_gmt":"2017-07-06T10:47:45","slug":"suonenjoen-mansikat-hyppaavat-jalleen-raiteille","status":"publish","type":"post","link":"https:\/\/www.marjanviljelijat.fi\/?p=266","title":{"rendered":"Suonenjoen mansikat hypp\u00e4\u00e4v\u00e4t j\u00e4lleen raiteille"},"content":{"rendered":"<p>Odotettu Suonenjoen mansikan junamyynti Savon radan junissa k\u00e4ynnistyy j\u00e4lleen <strong>ensi maanantaina. <\/strong>Mansikoita myyd\u00e4\u00e4n t\u00e4n\u00e4 vuonna hieman uusilla reiteill\u00e4 Mikkelin kautta Kouvolaan ja Kuopion kautta Siilinj\u00e4rvelle saakka kulkevissa junissa 10- 24.7.2017 v\u00e4lisen\u00e4 aikana kahdessa vuorossa liitteen\u00e4 olevan aikataulun mukaan.<\/p>\n<p>Mansikan junamyyntikampanja toteutetaan yhteisty\u00f6ss\u00e4 Suonenjoen kaupungin, VR:n henkil\u00f6liikenteen, Suonenjoen seudun marjanviljelij\u00e4in yhdistyksen ja Pakkasmarja Oy:n kanssa. T\u00e4m\u00e4n kes\u00e4isen PR-projektin tavoitteena on tarjota junamatkustajille mahdollisuus raikkaaseen ja terveelliseen herkkuhetkeen, tarjota paikkakunnan nuorille kes\u00e4ty\u00f6t\u00e4 sek\u00e4 edist\u00e4\u00e4 samalla seudun ja marjaelinkeinon tunnettuutta.<\/p>\n<p>T\u00e4n\u00e4 vuonna suonenjokelaista mansikkaa tekev\u00e4t junamatkustajille tutuksi <strong>Aleksi Khroustalev, Milja Ikonen, Mira Heimonen, ja Pirskilla Jetsu. <\/strong>Mansikan myyj\u00e4t tunnistaa junassa pirteist\u00e4 mansikka-aiheisista ty\u00f6asuista ja erityisen iloisesta ilmeest\u00e4.<\/p>\n<p>Makoisat mansikat saapuvat p\u00e4\u00e4osin mansikanviljelij\u00e4 <strong>Matti Kauppinen Jussilan marjatilalta ja osiin Pakkasmarja Oy:n <\/strong>kautta ja mansikoiden turvallisesta matkasta asemalle huolehtii <strong>Risto Laaksonen.<\/strong><\/p>\n<p>teksti: Sari Karhu<\/p>\n","protected":false},"excerpt":{"rendered":"<p>Odotettu Suonenjoen mansikan junamyynti Savon radan junissa k\u00e4ynnistyy j\u00e4lleen ensi maanantaina. Mansikoita myyd\u00e4\u00e4n t\u00e4n\u00e4 vuonna hieman uusilla reiteill\u00e4 Mikkelin kautta Kouvolaan ja Kuopion kautta Siilinj\u00e4rvelle saakka kulkevissa junissa 10- 24.7.2017 v\u00e4lisen\u00e4 aikana kahdessa vuorossa liitteen\u00e4 olevan aikataulun mukaan. Mansikan junamyyntikampanja toteutetaan yhteisty\u00f6ss\u00e4 Suonenjoen kaupungin, VR:n henkil\u00f6liikenteen, Suonenjoen seudun marjanviljelij\u00e4in yhdistyksen ja Pakkasmarja Oy:n kanssa. T\u00e4m\u00e4n &hellip; <a href=\"https:\/\/www.marjanviljelijat.fi\/?p=266\" class=\"more-link\">Jatka artikkeliin <span class=\"screen-reader-text\">Suonenjoen mansikat hypp\u00e4\u00e4v\u00e4t j\u00e4lleen raiteille<\/span><\/a><\/p>\n","protected":false},"author":1,"featured_media":0,"comment_status":"closed","ping_status":"closed","sticky":false,"template":"","format":"standard","meta":{"footnotes":""},"categories":[1],"tags":[23,25,24],"class_list":["post-266","post","type-post","status-publish","format-standard","hentry","category-uncategorized","tag-junamansikka","tag-suonenjoen-mansikka","tag-vr"],"_links":{"self":[{"href":"https:\/\/www.marjanviljelijat.fi\/index.php?rest_route=\/wp\/v2\/posts\/266","targetHints":{"allow":["GET"]}}],"collection":[{"href":"https:\/\/www.marjanviljelijat.fi\/index.php?rest_route=\/wp\/v2\/posts"}],"about":[{"href":"https:\/\/www.marjanviljelijat.fi\/index.php?rest_route=\/wp\/v2\/types\/post"}],"author":[{"embeddable":true,"href":"https:\/\/www.marjanviljelijat.fi\/index.php?rest_route=\/wp\/v2\/users\/1"}],"replies":[{"embeddable":true,"href":"https:\/\/www.marjanviljelijat.fi\/index.php?rest_route=%2Fwp%2Fv2%2Fcomments&post=266"}],"version-history":[{"count":3,"href":"https:\/\/www.marjanviljelijat.fi\/index.php?rest_route=\/wp\/v2\/posts\/266\/revisions"}],"predecessor-version":[{"id":271,"href":"https:\/\/www.marjanviljelijat.fi\/index.php?rest_route=\/wp\/v2\/posts\/266\/revisions\/271"}],"wp:attachment":[{"href":"https:\/\/www.marjanviljelijat.fi\/index.php?rest_route=%2Fwp%2Fv2%2Fmedia&parent=266"}],"wp:term":[{"taxonomy":"category","embeddable":true,"href":"https:\/\/www.marjanviljelijat.fi\/index.php?rest_route=%2Fwp%2Fv2%2Fcategories&post=266"},{"taxonomy":"post_tag","embeddable":true,"href":"https:\/\/www.marjanviljelijat.fi\/index.php?rest_route=%2Fwp%2Fv2%2Ftags&post=266"}],"curies":[{"name":"wp","href":"https:\/\/api.w.org\/{rel}","templated":true}]}}