{"id":361,"date":"2017-10-12T09:49:00","date_gmt":"2017-10-12T07:49:00","guid":{"rendered":"http:\/\/www.marjanviljelijat.fi\/?p=361"},"modified":"2017-10-12T09:49:00","modified_gmt":"2017-10-12T07:49:00","slug":"marjojen-parhaaksi","status":"publish","type":"post","link":"https:\/\/www.marjanviljelijat.fi\/?p=361","title":{"rendered":"Marjojen parhaaksi!"},"content":{"rendered":"<p>Hankkija ja Marjaosaamiskeskus j\u00e4rjest\u00e4v\u00e4t yhteisty\u00f6kumppaneiden kanssa uudenlaisen koulutusp\u00e4iv\u00e4n marjanviljelij\u00f6ille 7.11.2017<\/p>\n<p>Tarjolla on keskustelevaa tiedonvaihtoa pienryhmiss\u00e4 mm. kasteluj\u00e4rjestelmist\u00e4, lannoituksesta, kasvitaudeista ja tuholaisista, koetilan kuulumisista, taimityypeist\u00e4 ja uusista lajikkeista, marjamarkkinoista sek\u00e4 yhdistystoiminnasta.<\/p>\n<p>Ilmoittaudu 30.10.2017 menness\u00e4 <a href=\"https:\/\/response.questback.com\/isa\/qbv.dll\/ShowQuest?QuestID=5045990&amp;sid=vmHTTZv8FY\" target=\"_blank\" rel=\"noopener\">t\u00e4st\u00e4<\/a><\/p>\n<p>Tilaisuus on maksuton.<\/p>\n<p><!--more--><\/p>\n<p><strong>Ohjelma<\/strong><br \/>\nklo 8.30\u00a0\u00a0\u00a0\u00a0\u00a0\u00a0\u00a0\u00a0\u00a0\u00a0\u00a0 Aamukahvi<br \/>\nklo 9.00\u00a0\u00a0\u00a0\u00a0\u00a0\u00a0\u00a0\u00a0\u00a0\u00a0\u00a0 Tilaisuuden avaus sek\u00e4 j\u00e4rjest\u00e4jien esittelyt<br \/>\nklo 11.00\u00a0\u00a0\u00a0\u00a0\u00a0\u00a0\u00a0\u00a0\u00a0\u00a0 Lounas<br \/>\nklo 12.00\u00a0\u00a0\u00a0\u00a0\u00a0\u00a0\u00a0\u00a0\u00a0 Tietorastit alkaa<\/p>\n<p>Tietorasteilla kierret\u00e4\u00e4n pienemmiss\u00e4 ryhmiss\u00e4. Jokaisella rastilla aikaa on puoli tuntia. Rasteilla on tarkoitus tutustua uusiin tuotteisiin, tutkimustuloksiin ja toimintaan sek\u00e4 keskustella asiantuntijoiden kanssa. Jokaiselta rastilta saat merkinn\u00e4n rastipassiin. Palauta passisi tilaisuuden j\u00e4lkeen ja osallistut arvontaan. Arvonta suoritetaan tilaisuuden j\u00e4lkeen paikallaolijoiden kesken.<\/p>\n<ol>\n<li><strong>Auditorio<\/strong><br \/>\nHankkija, Timo Talvitie<br \/>\nYara, Ilkka Suur-Uski<br \/>\nBiobag Finland Oy, Jouni Riutta<br \/>\n<em>Kasteluj\u00e4rjestelm\u00e4t, lannoitus ja biokalvot<\/em><\/li>\n<li><strong>Ruokalan kabinetti<\/strong><br \/>\nBayer, Minni Tapola<br \/>\n<em>Ajankohtaista kasvinsuojeluaineista.<\/em><br \/>\nLuonnonvarakeskus, P\u00e4ivi Parikka<br \/>\n<em>Torjunta-aineiden teho tuholaisiin ja kasvitauteihin. <\/em><\/li>\n<li><strong>Testeria<\/strong><br \/>\nIt\u00e4-Suomen yliopisto, Harri Kokko<br \/>\n<em>Juuristotautien merkitys kasvuston tuottavuuteen ja ik\u00e4\u00e4n. <\/em><br \/>\nSavon Salaoja Oy, Hannu Kolehmainen ja Jouni Kolehmainen<br \/>\n<em>Peltomaan salaojitus<\/em><\/li>\n<li><strong>Ruokala<\/strong><br \/>\nMarjaosaamiskeskus\/koetila, Raija Kumpula<br \/>\n<em>Tutustu vuoden 2017 viljelykokeisiin ja osallistu keskusteluun tulevasta koetoiminnasta.<\/em><\/li>\n<li><strong>Marjaosaamiskeskuksen huone 2. krs<\/strong><br \/>\nPakkasmarja Oy, Anu Ven\u00e4l\u00e4inen ja Terhi Janatuinen<br \/>\n<em>Millainen on Pakkasmarjan sopimusviljelij\u00e4?<\/em><br \/>\nSuonenjoen seudun marjanviljelij\u00e4in yhdistys ry., Leena Koponen ja Veijo Karkkonen<br \/>\n<em>Tutustu yhdistyksen toimintaan ja palveluihin sek\u00e4 vaikuta tulevaan toimintaan.<\/em><\/li>\n<li><strong>Studia<\/strong><br \/>\nMarja-Suomen Taimituotanto, Jarmo R\u00f6pp\u00e4nen ja Merja Siltala<br \/>\nTaiminetti, Jari K\u00e4nninen ja Veikko Raivio<br \/>\n<em>Keskustele asiantuntijoiden kanssa erilaisista taimityypeist\u00e4 ja uusista lajikkeista.<\/em><\/li>\n<\/ol>\n<p>&nbsp;<\/p>\n<p>Yhteisty\u00f6ss\u00e4 marjojen parhaaksi:<\/p>\n<p><img decoding=\"async\" class=\"mcnImage alignleft\" src=\"https:\/\/gallery.mailchimp.com\/545d5dfa8fdaad326aaf865ad\/images\/3ae779d7-2d04-48ee-a8c8-bc8f515a4011.jpg\" alt=\"\" width=\"564\" \/><\/p>\n","protected":false},"excerpt":{"rendered":"<p>Hankkija ja Marjaosaamiskeskus j\u00e4rjest\u00e4v\u00e4t yhteisty\u00f6kumppaneiden kanssa uudenlaisen koulutusp\u00e4iv\u00e4n marjanviljelij\u00f6ille 7.11.2017 Tarjolla on keskustelevaa tiedonvaihtoa pienryhmiss\u00e4 mm. kasteluj\u00e4rjestelmist\u00e4, lannoituksesta, kasvitaudeista ja tuholaisista, koetilan kuulumisista, taimityypeist\u00e4 ja uusista lajikkeista, marjamarkkinoista sek\u00e4 yhdistystoiminnasta. Ilmoittaudu 30.10.2017 menness\u00e4 t\u00e4st\u00e4 Tilaisuus on maksuton.<\/p>\n","protected":false},"author":1,"featured_media":363,"comment_status":"closed","ping_status":"closed","sticky":false,"template":"","format":"standard","meta":{"footnotes":""},"categories":[1],"tags":[27,28,26,29],"class_list":["post-361","post","type-post","status-publish","format-standard","has-post-thumbnail","hentry","category-uncategorized","tag-asiantuntija","tag-futuria","tag-koulutus","tag-marjanviljelijat"],"_links":{"self":[{"href":"https:\/\/www.marjanviljelijat.fi\/index.php?rest_route=\/wp\/v2\/posts\/361","targetHints":{"allow":["GET"]}}],"collection":[{"href":"https:\/\/www.marjanviljelijat.fi\/index.php?rest_route=\/wp\/v2\/posts"}],"about":[{"href":"https:\/\/www.marjanviljelijat.fi\/index.php?rest_route=\/wp\/v2\/types\/post"}],"author":[{"embeddable":true,"href":"https:\/\/www.marjanviljelijat.fi\/index.php?rest_route=\/wp\/v2\/users\/1"}],"replies":[{"embeddable":true,"href":"https:\/\/www.marjanviljelijat.fi\/index.php?rest_route=%2Fwp%2Fv2%2Fcomments&post=361"}],"version-history":[{"count":1,"href":"https:\/\/www.marjanviljelijat.fi\/index.php?rest_route=\/wp\/v2\/posts\/361\/revisions"}],"predecessor-version":[{"id":364,"href":"https:\/\/www.marjanviljelijat.fi\/index.php?rest_route=\/wp\/v2\/posts\/361\/revisions\/364"}],"wp:featuredmedia":[{"embeddable":true,"href":"https:\/\/www.marjanviljelijat.fi\/index.php?rest_route=\/wp\/v2\/media\/363"}],"wp:attachment":[{"href":"https:\/\/www.marjanviljelijat.fi\/index.php?rest_route=%2Fwp%2Fv2%2Fmedia&parent=361"}],"wp:term":[{"taxonomy":"category","embeddable":true,"href":"https:\/\/www.marjanviljelijat.fi\/index.php?rest_route=%2Fwp%2Fv2%2Fcategories&post=361"},{"taxonomy":"post_tag","embeddable":true,"href":"https:\/\/www.marjanviljelijat.fi\/index.php?rest_route=%2Fwp%2Fv2%2Ftags&post=361"}],"curies":[{"name":"wp","href":"https:\/\/api.w.org\/{rel}","templated":true}]}}