{"id":472,"date":"2018-05-22T15:43:50","date_gmt":"2018-05-22T13:43:50","guid":{"rendered":"http:\/\/www.marjanviljelijat.fi\/?p=472"},"modified":"2018-05-22T15:46:30","modified_gmt":"2018-05-22T13:46:30","slug":"tietosuoja-asetus","status":"publish","type":"post","link":"https:\/\/www.marjanviljelijat.fi\/?p=472","title":{"rendered":"Tietosuoja-asetus"},"content":{"rendered":"<p>Suomen ja Euroopan unionin tietosuojalait uudistuivat. EU:n yleist\u00e4 tietosuoja-asetusta sovelletaan 25.5.2018 alkaen kaikissa EU:n j\u00e4senmaissa. Tietosuoja-asetusta (General Data Protection Regulation, GDPR) sovelletaan l\u00e4ht\u00f6kohtaisesti kaikkeen henkil\u00f6tietojen k\u00e4sittelyyn ja sen tavoitteena on parantaa rekister\u00f6idyn asemaa.<\/p>\n<p>Olethan huolehtinut yrityksesi tietosuoja-asiat ajantasalle!<\/p>\n<p>Tutustu Suonenjoen seudun marjanviljelij\u00e4in yhdistyksen <a href=\"https:\/\/www.marjanviljelijat.fi\/?page_id=456\">tietosuojaselosteeseen t\u00e4\u00e4lt\u00e4&gt;&gt;<\/a><\/p>\n","protected":false},"excerpt":{"rendered":"<p>Suomen ja Euroopan unionin tietosuojalait uudistuivat. EU:n yleist\u00e4 tietosuoja-asetusta sovelletaan 25.5.2018 alkaen kaikissa EU:n j\u00e4senmaissa. Tietosuoja-asetusta (General Data Protection Regulation, GDPR) sovelletaan l\u00e4ht\u00f6kohtaisesti kaikkeen henkil\u00f6tietojen k\u00e4sittelyyn ja sen tavoitteena on parantaa rekister\u00f6idyn asemaa. Olethan huolehtinut yrityksesi tietosuoja-asiat ajantasalle! Tutustu Suonenjoen seudun marjanviljelij\u00e4in yhdistyksen tietosuojaselosteeseen t\u00e4\u00e4lt\u00e4&gt;&gt;<\/p>\n","protected":false},"author":1,"featured_media":473,"comment_status":"closed","ping_status":"closed","sticky":false,"template":"","format":"standard","meta":{"footnotes":""},"categories":[37],"tags":[38],"class_list":["post-472","post","type-post","status-publish","format-standard","has-post-thumbnail","hentry","category-tietosuoja","tag-tietosuoja"],"_links":{"self":[{"href":"https:\/\/www.marjanviljelijat.fi\/index.php?rest_route=\/wp\/v2\/posts\/472","targetHints":{"allow":["GET"]}}],"collection":[{"href":"https:\/\/www.marjanviljelijat.fi\/index.php?rest_route=\/wp\/v2\/posts"}],"about":[{"href":"https:\/\/www.marjanviljelijat.fi\/index.php?rest_route=\/wp\/v2\/types\/post"}],"author":[{"embeddable":true,"href":"https:\/\/www.marjanviljelijat.fi\/index.php?rest_route=\/wp\/v2\/users\/1"}],"replies":[{"embeddable":true,"href":"https:\/\/www.marjanviljelijat.fi\/index.php?rest_route=%2Fwp%2Fv2%2Fcomments&post=472"}],"version-history":[{"count":1,"href":"https:\/\/www.marjanviljelijat.fi\/index.php?rest_route=\/wp\/v2\/posts\/472\/revisions"}],"predecessor-version":[{"id":474,"href":"https:\/\/www.marjanviljelijat.fi\/index.php?rest_route=\/wp\/v2\/posts\/472\/revisions\/474"}],"wp:featuredmedia":[{"embeddable":true,"href":"https:\/\/www.marjanviljelijat.fi\/index.php?rest_route=\/wp\/v2\/media\/473"}],"wp:attachment":[{"href":"https:\/\/www.marjanviljelijat.fi\/index.php?rest_route=%2Fwp%2Fv2%2Fmedia&parent=472"}],"wp:term":[{"taxonomy":"category","embeddable":true,"href":"https:\/\/www.marjanviljelijat.fi\/index.php?rest_route=%2Fwp%2Fv2%2Fcategories&post=472"},{"taxonomy":"post_tag","embeddable":true,"href":"https:\/\/www.marjanviljelijat.fi\/index.php?rest_route=%2Fwp%2Fv2%2Ftags&post=472"}],"curies":[{"name":"wp","href":"https:\/\/api.w.org\/{rel}","templated":true}]}}