{"id":550,"date":"2018-11-08T15:28:27","date_gmt":"2018-11-08T13:28:27","guid":{"rendered":"http:\/\/www.marjanviljelijat.fi\/?p=550"},"modified":"2018-11-08T15:31:33","modified_gmt":"2018-11-08T13:31:33","slug":"uutta-marjantuotantoon","status":"publish","type":"post","link":"https:\/\/www.marjanviljelijat.fi\/?p=550","title":{"rendered":"Uutta marjantuotantoon"},"content":{"rendered":"<p><strong>4.12.2018, Yrityspuisto Futuria, Jalkalantie 6, Suonenjoki<\/strong><\/p>\n<p>Marjaosaamiskeskuksen EduBerry -koulutushanke on p\u00e4\u00e4ttym\u00e4ss\u00e4. Marjaosaamiskeskus j\u00e4rjest\u00e4\u00e4 viel\u00e4 t\u00e4lle vuodelle marjanviljelij\u00f6iden seminaarip\u00e4iv\u00e4n. Seminaariluentojen lis\u00e4ksi paikalla on yrityksi\u00e4 esittelem\u00e4ss\u00e4 uutuuksia marjantuotantoon. Tilaisuus on maksuton. Lis\u00e4tietoja:\u00a0 Raija Kumpula 0207 464 630<br \/>\n<strong><a href=\"https:\/\/response.questback.com\/savogrow\/kyqymtaegr\">Ilmoittaudu t\u00e4st\u00e4 &gt;&gt;<\/a><\/strong><\/p>\n<p>&nbsp;<\/p>\n<p><strong>ohjelma <\/strong><\/p>\n<p>8.30\u00a0\u00a0\u00a0\u00a0 Aamukahvi<\/p>\n<p>9.00 \u00a0 \u00a0 Alueellisen maaseutusuunnitelman tilannekatsaus<br \/>\nMaaseutuasiantuntija Eija \u00c4\u00e4ril\u00e4 Pohjois-Savon Ely-keskus<\/p>\n<p>9.30 \u00a0 \u00a0 Kasvintuhoojien aiheuttamat vahingot<br \/>\nTommi Oraluoma Biotsek<\/p>\n<p>10.00\u00a0\u00a0 Mansikan lajikevalikoima ja taimituottajan kuulumiset<br \/>\nExportmanager Charlotte van Meer Rapo BV<\/p>\n<p>10.30\u00a0\u00a0 Kasvivahventeet kasvitautien ennakkotorjunnassa<br \/>\nJarmo R\u00f6pp\u00e4nen (PlantoSys)<\/p>\n<p>10.45\u00a0\u00a0 Tuloksia koetilalta 2018<br \/>\nProjektip\u00e4\u00e4llikk\u00f6 Raija Kumpula<\/p>\n<p>11.00\u00a0\u00a0 Lounas (omakustanteinen)<\/p>\n<p>12.00\u00a0\u00a0 Muutoksia marjojen kasvinsuojelussa<br \/>\nTUKESin puheenvuoro (et\u00e4yhteys)<\/p>\n<p>12.30\u00a0 Mansikan lajikejalostuksen trendit<br \/>\nApulaisprofessori Timo Hyt\u00f6nen Helsingin yliopisto<\/p>\n<p>13.00\u00a0\u00a0 Kuinka marjanviljely kehittyy \u2013 mit\u00e4 puutarhatilastot paljastavat?<br \/>\nYliaktuaari Anna-Kaisa Jaakkonen Luonnonvarakeskus<\/p>\n<p>13.30 \u00a0 Muutokset ty\u00f6ehtosopimukseen 2019 &amp; kansallinen tulorekisteri<br \/>\nToimitusjohtaja Veli-Matti Rekola Maaseudun ty\u00f6nantajaliitto<\/p>\n<p>14.15 \u00a0 Iltap\u00e4iv\u00e4kahvi (omakustanteinen)<\/p>\n<p>14.45\u00a0 N\u00e4ytteilleasettajien puheenvuorot<br \/>\nHankkija, Kekkil\u00e4, Marja-Suomen laatikkopalvelu, SKJ Systems Oy, Marja-Suomen taimituotanto<\/p>\n<p>15.30\u00a0 Arvonta ja p\u00e4iv\u00e4n p\u00e4\u00e4t\u00f6s<\/p>\n<p>&nbsp;<\/p>\n","protected":false},"excerpt":{"rendered":"<p>4.12.2018, Yrityspuisto Futuria, Jalkalantie 6, Suonenjoki Marjaosaamiskeskuksen EduBerry -koulutushanke on p\u00e4\u00e4ttym\u00e4ss\u00e4. Marjaosaamiskeskus j\u00e4rjest\u00e4\u00e4 viel\u00e4 t\u00e4lle vuodelle marjanviljelij\u00f6iden seminaarip\u00e4iv\u00e4n. Seminaariluentojen lis\u00e4ksi paikalla on yrityksi\u00e4 esittelem\u00e4ss\u00e4 uutuuksia marjantuotantoon. Tilaisuus on maksuton. Lis\u00e4tietoja:\u00a0 Raija Kumpula 0207 464 630 Ilmoittaudu t\u00e4st\u00e4 &gt;&gt; &nbsp; ohjelma 8.30\u00a0\u00a0\u00a0\u00a0 Aamukahvi 9.00 \u00a0 \u00a0 Alueellisen maaseutusuunnitelman tilannekatsaus Maaseutuasiantuntija Eija \u00c4\u00e4ril\u00e4 Pohjois-Savon Ely-keskus 9.30 \u00a0 &hellip; <a href=\"https:\/\/www.marjanviljelijat.fi\/?p=550\" class=\"more-link\">Jatka artikkeliin <span class=\"screen-reader-text\">Uutta marjantuotantoon<\/span><\/a><\/p>\n","protected":false},"author":1,"featured_media":0,"comment_status":"closed","ping_status":"closed","sticky":false,"template":"","format":"standard","meta":{"footnotes":""},"categories":[1],"tags":[42,41],"class_list":["post-550","post","type-post","status-publish","format-standard","hentry","category-uncategorized","tag-marjanviljely","tag-seminaari"],"_links":{"self":[{"href":"https:\/\/www.marjanviljelijat.fi\/index.php?rest_route=\/wp\/v2\/posts\/550","targetHints":{"allow":["GET"]}}],"collection":[{"href":"https:\/\/www.marjanviljelijat.fi\/index.php?rest_route=\/wp\/v2\/posts"}],"about":[{"href":"https:\/\/www.marjanviljelijat.fi\/index.php?rest_route=\/wp\/v2\/types\/post"}],"author":[{"embeddable":true,"href":"https:\/\/www.marjanviljelijat.fi\/index.php?rest_route=\/wp\/v2\/users\/1"}],"replies":[{"embeddable":true,"href":"https:\/\/www.marjanviljelijat.fi\/index.php?rest_route=%2Fwp%2Fv2%2Fcomments&post=550"}],"version-history":[{"count":3,"href":"https:\/\/www.marjanviljelijat.fi\/index.php?rest_route=\/wp\/v2\/posts\/550\/revisions"}],"predecessor-version":[{"id":553,"href":"https:\/\/www.marjanviljelijat.fi\/index.php?rest_route=\/wp\/v2\/posts\/550\/revisions\/553"}],"wp:attachment":[{"href":"https:\/\/www.marjanviljelijat.fi\/index.php?rest_route=%2Fwp%2Fv2%2Fmedia&parent=550"}],"wp:term":[{"taxonomy":"category","embeddable":true,"href":"https:\/\/www.marjanviljelijat.fi\/index.php?rest_route=%2Fwp%2Fv2%2Fcategories&post=550"},{"taxonomy":"post_tag","embeddable":true,"href":"https:\/\/www.marjanviljelijat.fi\/index.php?rest_route=%2Fwp%2Fv2%2Ftags&post=550"}],"curies":[{"name":"wp","href":"https:\/\/api.w.org\/{rel}","templated":true}]}}